{"id":10162,"date":"2024-09-08T15:04:52","date_gmt":"2024-09-08T13:04:52","guid":{"rendered":"https:\/\/architecturemedievale.fr\/?p=10162"},"modified":"2024-09-09T10:09:14","modified_gmt":"2024-09-09T08:09:14","slug":"les-joints-des-pierres-des-facades-et-le-jointoiement","status":"publish","type":"post","link":"https:\/\/architecturemedievale.fr\/index.php\/les-joints-des-pierres-des-facades-et-le-jointoiement\/","title":{"rendered":"Les joints &#8230; des pierres de fa\u00e7ades"},"content":{"rendered":"<div class=\"wpb-content-wrapper\">[vc_row equal_height=\u00a0\u00bbyes\u00a0\u00bb content_placement=\u00a0\u00bbmiddle\u00a0\u00bb][vc_column][vc_column_text css=\u00a0\u00bb.vc_custom_1724676759706{padding-right: 35px !important;padding-bottom: 50px !important;padding-left: 35px !important;}\u00a0\u00bb]\n<p style=\"text-align: center;\"><strong><em>Ce n&rsquo;est pas un mur de pierres s\u00e8ches, il nous faut des joints.<\/em><\/strong><\/p>\n<p style=\"text-align: center;\"><strong><em>Comme en cuisine, la garniture est indispensable. Alors c&rsquo;est parti !<\/em><\/strong><\/p>\n[\/vc_column_text][\/vc_column][\/vc_row][vc_row css=\u00a0\u00bb.vc_custom_1724676792974{margin-top: -50px !important;}\u00a0\u00bb][vc_column][vc_custom_heading text=\u00a0\u00bbLa pr\u00e9paration de la g\u00e2ch\u00e9e\u00a0\u00bb use_theme_fonts=\u00a0\u00bbyes\u00a0\u00bb css=\u00a0\u00bb.vc_custom_1724676851479{margin-bottom: 15px !important;padding-right: 35px !important;padding-left: 35px !important;}\u00a0\u00bb][\/vc_column][\/vc_row][vc_row equal_height=\u00a0\u00bbyes\u00a0\u00bb content_placement=\u00a0\u00bbmiddle\u00a0\u00bb][vc_column width=\u00a0\u00bb1\/3&Prime;][vc_column_text css=\u00a0\u00bb\u00a0\u00bb]Les joints sur les murs en pierres des maisons de Dol de Bretagne ont une coloration jaune li\u00e9e au sable utilis\u00e9. Un petit m\u00e9lange entre de la poudre de tuffeau et de la chaux \u00e0 parts \u00e9gales va donner la couleur souhait\u00e9e.<\/p>\n<p>Compte tenu de la vitesse de prise du m\u00e9lange, il est pr\u00e9f\u00e9rable de faire de petites g\u00e2ch\u00e9es \u00e0 chaque fois .<\/p>\n<p>Pour commencer un tamisage (\u00e0 la boule \u00e0 th\u00e9) est n\u00e9cessaire pour chacun des composants avant un m\u00e9lange \u00e0 sec.<\/p>\n<p>Un petit peu d&rsquo;eau pour mouiller le m\u00e9lange et obtenir une g\u00e2ch\u00e9e de consistance \u00ab\u00a0s\u00e8che\u00a0\u00bb.<\/p>\n<p>Il faut alors ajouter de la colle vinylique pour obtenir un m\u00e9lange \u00ab\u00a0plastique souple\u00a0\u00bb.<\/p>\n<p>Pour de plus amples renseignements vous pouvez regarder les articles suivants du Dictionnaire Raisonn\u00e9 de l&rsquo;Architecture Fran\u00e7aise de Viollet-le-Duc (<a href=\"https:\/\/fr.wikisource.org\/wiki\/Dictionnaire_raisonn%C3%A9_de_l%E2%80%99architecture_fran%C3%A7aise_du_XIe_au_XVIe_si%C3%A8cle\/Joint\" target=\"_blank\" rel=\"noopener\">Joint<\/a> &#8211; <a href=\"https:\/\/fr.wikisource.org\/wiki\/Dictionnaire_raisonn%C3%A9_de_l%E2%80%99architecture_fran%C3%A7aise_du_XIe_au_XVIe_si%C3%A8cle\/Mortier\" target=\"_blank\" rel=\"noopener\">Mortier<\/a>)[\/vc_column_text][\/vc_column][vc_column width=\u00a0\u00bb2\/3&Prime;][vc_column_text css=\u00a0\u00bb\u00a0\u00bb]\n<div id=\"kad-wp-gallery333\" class=\"kad-wp-gallery gallery kt-gallery-column-2 init-isotope-intrinsic reinit-isotope kad-light-wp-gallery clearfix rowtight\" data-fade-in=\"1\" data-iso-selector=\".g_item\" data-iso-style=\"masonry\" data-iso-filter=\"false\"><div class=\"tcol-lg-6 tcol-md-6 tcol-sm-6 tcol-xs-12 tcol-ss-12 g_item\"><div class=\"grid_item kt_item_fade_in kad_gallery_fade_in gallery_item\"><a href=\"https:\/\/architecturemedievale.fr\/wp-content\/uploads\/Chateau-de-Dol-de-Bretagne-Tamisage-de-la-poudre-de-tuffeau.webp\" data-rel=\"lightbox\" class=\"lightboxhover\"><div class=\"kt-intrinsic\" style=\"padding-bottom:66.25%;\"><div itemprop=\"image\" itemscope itemtype=\"https:\/\/schema.org\/ImageObject\"><img loading=\"lazy\" decoding=\"async\" width=\"560\" height=\"371\" src=\"https:\/\/architecturemedievale.fr\/wp-content\/uploads\/Chateau-de-Dol-de-Bretagne-Tamisage-de-la-poudre-de-tuffeau-560x371.webp\" srcset=\"https:\/\/architecturemedievale.fr\/wp-content\/uploads\/Chateau-de-Dol-de-Bretagne-Tamisage-de-la-poudre-de-tuffeau-560x371.webp 560w, https:\/\/architecturemedievale.fr\/wp-content\/uploads\/Chateau-de-Dol-de-Bretagne-Tamisage-de-la-poudre-de-tuffeau-300x199.webp 300w, https:\/\/architecturemedievale.fr\/wp-content\/uploads\/Chateau-de-Dol-de-Bretagne-Tamisage-de-la-poudre-de-tuffeau-1024x678.webp 1024w, https:\/\/architecturemedievale.fr\/wp-content\/uploads\/Chateau-de-Dol-de-Bretagne-Tamisage-de-la-poudre-de-tuffeau-768x509.webp 768w, https:\/\/architecturemedievale.fr\/wp-content\/uploads\/Chateau-de-Dol-de-Bretagne-Tamisage-de-la-poudre-de-tuffeau-1120x742.webp 1120w, https:\/\/architecturemedievale.fr\/wp-content\/uploads\/Chateau-de-Dol-de-Bretagne-Tamisage-de-la-poudre-de-tuffeau-732x484.webp 732w, https:\/\/architecturemedievale.fr\/wp-content\/uploads\/Chateau-de-Dol-de-Bretagne-Tamisage-de-la-poudre-de-tuffeau-366x242.webp 366w, https:\/\/architecturemedievale.fr\/wp-content\/uploads\/Chateau-de-Dol-de-Bretagne-Tamisage-de-la-poudre-de-tuffeau.webp 1232w\" sizes=\"auto, (max-width: 560px) 100vw, 560px\" data-caption=\"Chateau de Dol de Bretagne - Tamisage de la poudre de tuffeau\" class=\"light-dropshaddow\" itemprop=\"contentUrl\" alt=\"Chateau de Dol de Bretagne - Tamisage de la poudre de tuffeau\"><meta itemprop=\"url\" content=\"https:\/\/architecturemedievale.fr\/wp-content\/uploads\/Chateau-de-Dol-de-Bretagne-Tamisage-de-la-poudre-de-tuffeau-560x371.webp\"><meta itemprop=\"width\" content=\"560px\"><meta itemprop=\"height\" content=\"371px\"><\/div><\/div><\/a><\/div><\/div><div class=\"tcol-lg-6 tcol-md-6 tcol-sm-6 tcol-xs-12 tcol-ss-12 g_item\"><div class=\"grid_item kt_item_fade_in kad_gallery_fade_in gallery_item\"><a href=\"https:\/\/architecturemedievale.fr\/wp-content\/uploads\/Chateau-de-Dol-de-Bretagne-Tamisage-de-la-chaux.webp\" data-rel=\"lightbox\" class=\"lightboxhover\"><div class=\"kt-intrinsic\" style=\"padding-bottom:66.25%;\"><div itemprop=\"image\" itemscope itemtype=\"https:\/\/schema.org\/ImageObject\"><img loading=\"lazy\" decoding=\"async\" width=\"560\" height=\"371\" src=\"https:\/\/architecturemedievale.fr\/wp-content\/uploads\/Chateau-de-Dol-de-Bretagne-Tamisage-de-la-chaux-560x371.webp\" srcset=\"https:\/\/architecturemedievale.fr\/wp-content\/uploads\/Chateau-de-Dol-de-Bretagne-Tamisage-de-la-chaux-560x371.webp 560w, https:\/\/architecturemedievale.fr\/wp-content\/uploads\/Chateau-de-Dol-de-Bretagne-Tamisage-de-la-chaux-300x199.webp 300w, https:\/\/architecturemedievale.fr\/wp-content\/uploads\/Chateau-de-Dol-de-Bretagne-Tamisage-de-la-chaux-1024x678.webp 1024w, https:\/\/architecturemedievale.fr\/wp-content\/uploads\/Chateau-de-Dol-de-Bretagne-Tamisage-de-la-chaux-768x509.webp 768w, https:\/\/architecturemedievale.fr\/wp-content\/uploads\/Chateau-de-Dol-de-Bretagne-Tamisage-de-la-chaux-1120x742.webp 1120w, https:\/\/architecturemedievale.fr\/wp-content\/uploads\/Chateau-de-Dol-de-Bretagne-Tamisage-de-la-chaux-732x484.webp 732w, https:\/\/architecturemedievale.fr\/wp-content\/uploads\/Chateau-de-Dol-de-Bretagne-Tamisage-de-la-chaux-366x242.webp 366w, https:\/\/architecturemedievale.fr\/wp-content\/uploads\/Chateau-de-Dol-de-Bretagne-Tamisage-de-la-chaux.webp 1232w\" sizes=\"auto, (max-width: 560px) 100vw, 560px\" data-caption=\"Chateau de Dol de Bretagne - Tamisage de la chaux\" class=\"light-dropshaddow\" itemprop=\"contentUrl\" alt=\"Chateau de Dol de Bretagne - Tamisage de la chaux\"><meta itemprop=\"url\" content=\"https:\/\/architecturemedievale.fr\/wp-content\/uploads\/Chateau-de-Dol-de-Bretagne-Tamisage-de-la-chaux-560x371.webp\"><meta itemprop=\"width\" content=\"560px\"><meta itemprop=\"height\" content=\"371px\"><\/div><\/div><\/a><\/div><\/div><div class=\"tcol-lg-6 tcol-md-6 tcol-sm-6 tcol-xs-12 tcol-ss-12 g_item\"><div class=\"grid_item kt_item_fade_in kad_gallery_fade_in gallery_item\"><a href=\"https:\/\/architecturemedievale.fr\/wp-content\/uploads\/Chateau-de-Dol-de-Bretagne-Chaux-et-tuffeau-tamises.webp\" data-rel=\"lightbox\" class=\"lightboxhover\"><div class=\"kt-intrinsic\" style=\"padding-bottom:66.25%;\"><div itemprop=\"image\" itemscope itemtype=\"https:\/\/schema.org\/ImageObject\"><img loading=\"lazy\" decoding=\"async\" width=\"560\" height=\"371\" src=\"https:\/\/architecturemedievale.fr\/wp-content\/uploads\/Chateau-de-Dol-de-Bretagne-Chaux-et-tuffeau-tamises-560x371.webp\" srcset=\"https:\/\/architecturemedievale.fr\/wp-content\/uploads\/Chateau-de-Dol-de-Bretagne-Chaux-et-tuffeau-tamises-560x371.webp 560w, https:\/\/architecturemedievale.fr\/wp-content\/uploads\/Chateau-de-Dol-de-Bretagne-Chaux-et-tuffeau-tamises-300x199.webp 300w, https:\/\/architecturemedievale.fr\/wp-content\/uploads\/Chateau-de-Dol-de-Bretagne-Chaux-et-tuffeau-tamises-1024x678.webp 1024w, https:\/\/architecturemedievale.fr\/wp-content\/uploads\/Chateau-de-Dol-de-Bretagne-Chaux-et-tuffeau-tamises-768x509.webp 768w, https:\/\/architecturemedievale.fr\/wp-content\/uploads\/Chateau-de-Dol-de-Bretagne-Chaux-et-tuffeau-tamises-1120x742.webp 1120w, https:\/\/architecturemedievale.fr\/wp-content\/uploads\/Chateau-de-Dol-de-Bretagne-Chaux-et-tuffeau-tamises-732x484.webp 732w, https:\/\/architecturemedievale.fr\/wp-content\/uploads\/Chateau-de-Dol-de-Bretagne-Chaux-et-tuffeau-tamises-366x242.webp 366w, https:\/\/architecturemedievale.fr\/wp-content\/uploads\/Chateau-de-Dol-de-Bretagne-Chaux-et-tuffeau-tamises.webp 1232w\" sizes=\"auto, (max-width: 560px) 100vw, 560px\" data-caption=\"Chateau de Dol de Bretagne - Chaux et tuffeau tamis\u00e9s\" class=\"light-dropshaddow\" itemprop=\"contentUrl\" alt=\"Chateau de Dol de Bretagne - Chaux et tuffeau tamis\u00e9s\"><meta itemprop=\"url\" content=\"https:\/\/architecturemedievale.fr\/wp-content\/uploads\/Chateau-de-Dol-de-Bretagne-Chaux-et-tuffeau-tamises-560x371.webp\"><meta itemprop=\"width\" content=\"560px\"><meta itemprop=\"height\" content=\"371px\"><\/div><\/div><\/a><\/div><\/div><div class=\"tcol-lg-6 tcol-md-6 tcol-sm-6 tcol-xs-12 tcol-ss-12 g_item\"><div class=\"grid_item kt_item_fade_in kad_gallery_fade_in gallery_item\"><a href=\"https:\/\/architecturemedievale.fr\/wp-content\/uploads\/Chateau-de-Dol-de-Bretagne-Premier-melange.webp\" data-rel=\"lightbox\" class=\"lightboxhover\"><div class=\"kt-intrinsic\" style=\"padding-bottom:66.25%;\"><div itemprop=\"image\" itemscope itemtype=\"https:\/\/schema.org\/ImageObject\"><img loading=\"lazy\" decoding=\"async\" width=\"560\" height=\"371\" src=\"https:\/\/architecturemedievale.fr\/wp-content\/uploads\/Chateau-de-Dol-de-Bretagne-Premier-melange-560x371.webp\" srcset=\"https:\/\/architecturemedievale.fr\/wp-content\/uploads\/Chateau-de-Dol-de-Bretagne-Premier-melange-560x371.webp 560w, https:\/\/architecturemedievale.fr\/wp-content\/uploads\/Chateau-de-Dol-de-Bretagne-Premier-melange-300x199.webp 300w, https:\/\/architecturemedievale.fr\/wp-content\/uploads\/Chateau-de-Dol-de-Bretagne-Premier-melange-1024x678.webp 1024w, https:\/\/architecturemedievale.fr\/wp-content\/uploads\/Chateau-de-Dol-de-Bretagne-Premier-melange-768x509.webp 768w, https:\/\/architecturemedievale.fr\/wp-content\/uploads\/Chateau-de-Dol-de-Bretagne-Premier-melange-732x484.webp 732w, https:\/\/architecturemedievale.fr\/wp-content\/uploads\/Chateau-de-Dol-de-Bretagne-Premier-melange-366x242.webp 366w, https:\/\/architecturemedievale.fr\/wp-content\/uploads\/Chateau-de-Dol-de-Bretagne-Premier-melange-1120x742.webp 1120w, https:\/\/architecturemedievale.fr\/wp-content\/uploads\/Chateau-de-Dol-de-Bretagne-Premier-melange.webp 1232w\" sizes=\"auto, (max-width: 560px) 100vw, 560px\" data-caption=\"Chateau de Dol de Bretagne - Premier m\u00e9lange\" class=\"light-dropshaddow\" itemprop=\"contentUrl\" alt=\"Chateau de Dol de Bretagne - Premier m\u00e9lange\"><meta itemprop=\"url\" content=\"https:\/\/architecturemedievale.fr\/wp-content\/uploads\/Chateau-de-Dol-de-Bretagne-Premier-melange-560x371.webp\"><meta itemprop=\"width\" content=\"560px\"><meta itemprop=\"height\" content=\"371px\"><\/div><\/div><\/a><\/div><\/div><div class=\"tcol-lg-6 tcol-md-6 tcol-sm-6 tcol-xs-12 tcol-ss-12 g_item\"><div class=\"grid_item kt_item_fade_in kad_gallery_fade_in gallery_item\"><a href=\"https:\/\/architecturemedievale.fr\/wp-content\/uploads\/Chateau-de-Dol-de-Bretagne-Ajout-de-la-colle.webp\" data-rel=\"lightbox\" class=\"lightboxhover\"><div class=\"kt-intrinsic\" style=\"padding-bottom:66.25%;\"><div itemprop=\"image\" itemscope itemtype=\"https:\/\/schema.org\/ImageObject\"><img loading=\"lazy\" decoding=\"async\" width=\"560\" height=\"371\" src=\"https:\/\/architecturemedievale.fr\/wp-content\/uploads\/Chateau-de-Dol-de-Bretagne-Ajout-de-la-colle-560x371.webp\" srcset=\"https:\/\/architecturemedievale.fr\/wp-content\/uploads\/Chateau-de-Dol-de-Bretagne-Ajout-de-la-colle-560x371.webp 560w, https:\/\/architecturemedievale.fr\/wp-content\/uploads\/Chateau-de-Dol-de-Bretagne-Ajout-de-la-colle-300x199.webp 300w, https:\/\/architecturemedievale.fr\/wp-content\/uploads\/Chateau-de-Dol-de-Bretagne-Ajout-de-la-colle-1024x678.webp 1024w, https:\/\/architecturemedievale.fr\/wp-content\/uploads\/Chateau-de-Dol-de-Bretagne-Ajout-de-la-colle-768x509.webp 768w, https:\/\/architecturemedievale.fr\/wp-content\/uploads\/Chateau-de-Dol-de-Bretagne-Ajout-de-la-colle-732x484.webp 732w, https:\/\/architecturemedievale.fr\/wp-content\/uploads\/Chateau-de-Dol-de-Bretagne-Ajout-de-la-colle-366x242.webp 366w, https:\/\/architecturemedievale.fr\/wp-content\/uploads\/Chateau-de-Dol-de-Bretagne-Ajout-de-la-colle-1120x742.webp 1120w, https:\/\/architecturemedievale.fr\/wp-content\/uploads\/Chateau-de-Dol-de-Bretagne-Ajout-de-la-colle.webp 1232w\" sizes=\"auto, (max-width: 560px) 100vw, 560px\" data-caption=\"Chateau de Dol de Bretagne - Ajout de la colle\" class=\"light-dropshaddow\" itemprop=\"contentUrl\" alt=\"Chateau de Dol de Bretagne - Ajout de la colle\"><meta itemprop=\"url\" content=\"https:\/\/architecturemedievale.fr\/wp-content\/uploads\/Chateau-de-Dol-de-Bretagne-Ajout-de-la-colle-560x371.webp\"><meta itemprop=\"width\" content=\"560px\"><meta itemprop=\"height\" content=\"371px\"><\/div><\/div><\/a><\/div><\/div><div class=\"tcol-lg-6 tcol-md-6 tcol-sm-6 tcol-xs-12 tcol-ss-12 g_item\"><div class=\"grid_item kt_item_fade_in kad_gallery_fade_in gallery_item\"><a href=\"https:\/\/architecturemedievale.fr\/wp-content\/uploads\/Chateau-de-Dol-de-Bretagne-Malaxage-final.webp\" data-rel=\"lightbox\" class=\"lightboxhover\"><div class=\"kt-intrinsic\" style=\"padding-bottom:66.25%;\"><div itemprop=\"image\" itemscope itemtype=\"https:\/\/schema.org\/ImageObject\"><img loading=\"lazy\" decoding=\"async\" width=\"560\" height=\"371\" src=\"https:\/\/architecturemedievale.fr\/wp-content\/uploads\/Chateau-de-Dol-de-Bretagne-Malaxage-final-560x371.webp\" srcset=\"https:\/\/architecturemedievale.fr\/wp-content\/uploads\/Chateau-de-Dol-de-Bretagne-Malaxage-final-560x371.webp 560w, https:\/\/architecturemedievale.fr\/wp-content\/uploads\/Chateau-de-Dol-de-Bretagne-Malaxage-final-300x199.webp 300w, https:\/\/architecturemedievale.fr\/wp-content\/uploads\/Chateau-de-Dol-de-Bretagne-Malaxage-final-1024x678.webp 1024w, https:\/\/architecturemedievale.fr\/wp-content\/uploads\/Chateau-de-Dol-de-Bretagne-Malaxage-final-768x509.webp 768w, https:\/\/architecturemedievale.fr\/wp-content\/uploads\/Chateau-de-Dol-de-Bretagne-Malaxage-final-732x484.webp 732w, https:\/\/architecturemedievale.fr\/wp-content\/uploads\/Chateau-de-Dol-de-Bretagne-Malaxage-final-366x242.webp 366w, https:\/\/architecturemedievale.fr\/wp-content\/uploads\/Chateau-de-Dol-de-Bretagne-Malaxage-final-1120x742.webp 1120w, https:\/\/architecturemedievale.fr\/wp-content\/uploads\/Chateau-de-Dol-de-Bretagne-Malaxage-final.webp 1232w\" sizes=\"auto, (max-width: 560px) 100vw, 560px\" data-caption=\"Chateau de Dol de Bretagne - Malaxage final\" class=\"light-dropshaddow\" itemprop=\"contentUrl\" alt=\"Chateau de Dol de Bretagne - Malaxage final\"><meta itemprop=\"url\" content=\"https:\/\/architecturemedievale.fr\/wp-content\/uploads\/Chateau-de-Dol-de-Bretagne-Malaxage-final-560x371.webp\"><meta itemprop=\"width\" content=\"560px\"><meta itemprop=\"height\" content=\"371px\"><\/div><\/div><\/a><\/div><\/div><\/div>\n[\/vc_column_text][\/vc_column][\/vc_row][vc_row css=\u00a0\u00bb.vc_custom_1718356517553{margin-top: -50px !important;}\u00a0\u00bb][vc_column][vc_custom_heading text=\u00a0\u00bbLe jointoiement par lui-m\u00eame\u00a0\u00bb use_theme_fonts=\u00a0\u00bbyes\u00a0\u00bb css=\u00a0\u00bb.vc_custom_1724668661389{margin-bottom: 15px !important;padding-top: 35px !important;padding-right: 35px !important;padding-left: 35px !important;}\u00a0\u00bb][\/vc_column][\/vc_row][vc_row equal_height=\u00a0\u00bbyes\u00a0\u00bb content_placement=\u00a0\u00bbmiddle\u00a0\u00bb][vc_column width=\u00a0\u00bb2\/3&Prime;][vc_column_text css=\u00a0\u00bb\u00a0\u00bb]\n<div id=\"kad-wp-gallery735\" class=\"kad-wp-gallery gallery kt-gallery-column-2 init-isotope-intrinsic reinit-isotope kad-light-wp-gallery clearfix rowtight\" data-fade-in=\"1\" data-iso-selector=\".g_item\" data-iso-style=\"masonry\" data-iso-filter=\"false\"><div class=\"tcol-lg-6 tcol-md-6 tcol-sm-6 tcol-xs-12 tcol-ss-12 g_item\"><div class=\"grid_item kt_item_fade_in kad_gallery_fade_in gallery_item\"><a href=\"https:\/\/architecturemedievale.fr\/wp-content\/uploads\/Chateau-de-Dol-de-Bretagne-Application-01.webp\" data-rel=\"lightbox\" class=\"lightboxhover\"><div class=\"kt-intrinsic\" style=\"padding-bottom:66.25%;\"><div itemprop=\"image\" itemscope itemtype=\"https:\/\/schema.org\/ImageObject\"><img loading=\"lazy\" decoding=\"async\" width=\"560\" height=\"371\" src=\"https:\/\/architecturemedievale.fr\/wp-content\/uploads\/Chateau-de-Dol-de-Bretagne-Application-01-560x371.webp\" srcset=\"https:\/\/architecturemedievale.fr\/wp-content\/uploads\/Chateau-de-Dol-de-Bretagne-Application-01-560x371.webp 560w, https:\/\/architecturemedievale.fr\/wp-content\/uploads\/Chateau-de-Dol-de-Bretagne-Application-01-300x199.webp 300w, https:\/\/architecturemedievale.fr\/wp-content\/uploads\/Chateau-de-Dol-de-Bretagne-Application-01-1024x678.webp 1024w, https:\/\/architecturemedievale.fr\/wp-content\/uploads\/Chateau-de-Dol-de-Bretagne-Application-01-768x509.webp 768w, https:\/\/architecturemedievale.fr\/wp-content\/uploads\/Chateau-de-Dol-de-Bretagne-Application-01-732x484.webp 732w, https:\/\/architecturemedievale.fr\/wp-content\/uploads\/Chateau-de-Dol-de-Bretagne-Application-01-366x242.webp 366w, https:\/\/architecturemedievale.fr\/wp-content\/uploads\/Chateau-de-Dol-de-Bretagne-Application-01-1120x742.webp 1120w, https:\/\/architecturemedievale.fr\/wp-content\/uploads\/Chateau-de-Dol-de-Bretagne-Application-01.webp 1232w\" sizes=\"auto, (max-width: 560px) 100vw, 560px\" data-caption=\"Chateau de Dol de Bretagne - Application 01\" class=\"light-dropshaddow\" itemprop=\"contentUrl\" alt=\"Chateau de Dol de Bretagne - Application 01\"><meta itemprop=\"url\" content=\"https:\/\/architecturemedievale.fr\/wp-content\/uploads\/Chateau-de-Dol-de-Bretagne-Application-01-560x371.webp\"><meta itemprop=\"width\" content=\"560px\"><meta itemprop=\"height\" content=\"371px\"><\/div><\/div><\/a><\/div><\/div><div class=\"tcol-lg-6 tcol-md-6 tcol-sm-6 tcol-xs-12 tcol-ss-12 g_item\"><div class=\"grid_item kt_item_fade_in kad_gallery_fade_in gallery_item\"><a href=\"https:\/\/architecturemedievale.fr\/wp-content\/uploads\/Chateau-de-Dol-de-Bretagne-Application-02.webp\" data-rel=\"lightbox\" class=\"lightboxhover\"><div class=\"kt-intrinsic\" style=\"padding-bottom:66.25%;\"><div itemprop=\"image\" itemscope itemtype=\"https:\/\/schema.org\/ImageObject\"><img loading=\"lazy\" decoding=\"async\" width=\"560\" height=\"371\" src=\"https:\/\/architecturemedievale.fr\/wp-content\/uploads\/Chateau-de-Dol-de-Bretagne-Application-02-560x371.webp\" srcset=\"https:\/\/architecturemedievale.fr\/wp-content\/uploads\/Chateau-de-Dol-de-Bretagne-Application-02-560x371.webp 560w, https:\/\/architecturemedievale.fr\/wp-content\/uploads\/Chateau-de-Dol-de-Bretagne-Application-02-300x199.webp 300w, https:\/\/architecturemedievale.fr\/wp-content\/uploads\/Chateau-de-Dol-de-Bretagne-Application-02-1024x678.webp 1024w, https:\/\/architecturemedievale.fr\/wp-content\/uploads\/Chateau-de-Dol-de-Bretagne-Application-02-768x509.webp 768w, https:\/\/architecturemedievale.fr\/wp-content\/uploads\/Chateau-de-Dol-de-Bretagne-Application-02-732x484.webp 732w, https:\/\/architecturemedievale.fr\/wp-content\/uploads\/Chateau-de-Dol-de-Bretagne-Application-02-366x242.webp 366w, https:\/\/architecturemedievale.fr\/wp-content\/uploads\/Chateau-de-Dol-de-Bretagne-Application-02-1120x742.webp 1120w, https:\/\/architecturemedievale.fr\/wp-content\/uploads\/Chateau-de-Dol-de-Bretagne-Application-02.webp 1232w\" sizes=\"auto, (max-width: 560px) 100vw, 560px\" data-caption=\"Chateau de Dol de Bretagne - Application 02\" class=\"light-dropshaddow\" itemprop=\"contentUrl\" alt=\"Chateau de Dol de Bretagne - Application 02\"><meta itemprop=\"url\" content=\"https:\/\/architecturemedievale.fr\/wp-content\/uploads\/Chateau-de-Dol-de-Bretagne-Application-02-560x371.webp\"><meta itemprop=\"width\" content=\"560px\"><meta itemprop=\"height\" content=\"371px\"><\/div><\/div><\/a><\/div><\/div><\/div>\n[\/vc_column_text][vc_column_text css=\u00a0\u00bb\u00a0\u00bb]\n<div id=\"kad-wp-gallery678\" class=\"kad-wp-gallery gallery kt-gallery-column-2 init-isotope-intrinsic reinit-isotope kad-light-wp-gallery clearfix rowtight\" data-fade-in=\"1\" data-iso-selector=\".g_item\" data-iso-style=\"masonry\" data-iso-filter=\"false\"><div class=\"tcol-lg-6 tcol-md-6 tcol-sm-6 tcol-xs-12 tcol-ss-12 g_item\"><div class=\"grid_item kt_item_fade_in kad_gallery_fade_in gallery_item\"><a href=\"https:\/\/architecturemedievale.fr\/wp-content\/uploads\/Chateau-de-Dol-de-Bretagne-Application-03.webp\" data-rel=\"lightbox\" class=\"lightboxhover\"><div class=\"kt-intrinsic\" style=\"padding-bottom:66.25%;\"><div itemprop=\"image\" itemscope itemtype=\"https:\/\/schema.org\/ImageObject\"><img loading=\"lazy\" decoding=\"async\" width=\"560\" height=\"371\" src=\"https:\/\/architecturemedievale.fr\/wp-content\/uploads\/Chateau-de-Dol-de-Bretagne-Application-03-560x371.webp\" srcset=\"https:\/\/architecturemedievale.fr\/wp-content\/uploads\/Chateau-de-Dol-de-Bretagne-Application-03-560x371.webp 560w, https:\/\/architecturemedievale.fr\/wp-content\/uploads\/Chateau-de-Dol-de-Bretagne-Application-03-300x199.webp 300w, https:\/\/architecturemedievale.fr\/wp-content\/uploads\/Chateau-de-Dol-de-Bretagne-Application-03-1024x678.webp 1024w, https:\/\/architecturemedievale.fr\/wp-content\/uploads\/Chateau-de-Dol-de-Bretagne-Application-03-768x509.webp 768w, https:\/\/architecturemedievale.fr\/wp-content\/uploads\/Chateau-de-Dol-de-Bretagne-Application-03-732x484.webp 732w, https:\/\/architecturemedievale.fr\/wp-content\/uploads\/Chateau-de-Dol-de-Bretagne-Application-03-366x242.webp 366w, https:\/\/architecturemedievale.fr\/wp-content\/uploads\/Chateau-de-Dol-de-Bretagne-Application-03-1120x742.webp 1120w, https:\/\/architecturemedievale.fr\/wp-content\/uploads\/Chateau-de-Dol-de-Bretagne-Application-03.webp 1232w\" sizes=\"auto, (max-width: 560px) 100vw, 560px\" data-caption=\"Chateau de Dol de Bretagne - Application 03\" class=\"light-dropshaddow\" itemprop=\"contentUrl\" alt=\"Chateau de Dol de Bretagne - Application 03\"><meta itemprop=\"url\" content=\"https:\/\/architecturemedievale.fr\/wp-content\/uploads\/Chateau-de-Dol-de-Bretagne-Application-03-560x371.webp\"><meta itemprop=\"width\" content=\"560px\"><meta itemprop=\"height\" content=\"371px\"><\/div><\/div><\/a><\/div><\/div><div class=\"tcol-lg-6 tcol-md-6 tcol-sm-6 tcol-xs-12 tcol-ss-12 g_item\"><div class=\"grid_item kt_item_fade_in kad_gallery_fade_in gallery_item\"><a href=\"https:\/\/architecturemedievale.fr\/wp-content\/uploads\/Chateau-de-Dol-de-Bretagne-Apres-lavage.webp\" data-rel=\"lightbox\" class=\"lightboxhover\"><div class=\"kt-intrinsic\" style=\"padding-bottom:66.25%;\"><div itemprop=\"image\" itemscope itemtype=\"https:\/\/schema.org\/ImageObject\"><img loading=\"lazy\" decoding=\"async\" width=\"560\" height=\"371\" src=\"https:\/\/architecturemedievale.fr\/wp-content\/uploads\/Chateau-de-Dol-de-Bretagne-Apres-lavage-560x371.webp\" srcset=\"https:\/\/architecturemedievale.fr\/wp-content\/uploads\/Chateau-de-Dol-de-Bretagne-Apres-lavage-560x371.webp 560w, https:\/\/architecturemedievale.fr\/wp-content\/uploads\/Chateau-de-Dol-de-Bretagne-Apres-lavage-300x199.webp 300w, https:\/\/architecturemedievale.fr\/wp-content\/uploads\/Chateau-de-Dol-de-Bretagne-Apres-lavage-1024x678.webp 1024w, https:\/\/architecturemedievale.fr\/wp-content\/uploads\/Chateau-de-Dol-de-Bretagne-Apres-lavage-768x509.webp 768w, https:\/\/architecturemedievale.fr\/wp-content\/uploads\/Chateau-de-Dol-de-Bretagne-Apres-lavage-1120x742.webp 1120w, https:\/\/architecturemedievale.fr\/wp-content\/uploads\/Chateau-de-Dol-de-Bretagne-Apres-lavage.webp 1232w\" sizes=\"auto, (max-width: 560px) 100vw, 560px\" data-caption=\"Chateau de Dol de Bretagne - Apres lavage\" class=\"light-dropshaddow\" itemprop=\"contentUrl\" alt=\"Chateau de Dol de Bretagne - Apres lavage\"><meta itemprop=\"url\" content=\"https:\/\/architecturemedievale.fr\/wp-content\/uploads\/Chateau-de-Dol-de-Bretagne-Apres-lavage-560x371.webp\"><meta itemprop=\"width\" content=\"560px\"><meta itemprop=\"height\" content=\"371px\"><\/div><\/div><\/a><\/div><\/div><\/div>\n[\/vc_column_text][\/vc_column][vc_column width=\u00a0\u00bb1\/3&Prime;][vc_column_text css=\u00a0\u00bb\u00a0\u00bb]Le garnissage des joints se fait \u00e0 la truelle (couteau d&rsquo;artiste peintre).<\/p>\n<p>Au Moyen-Age les outils du ma\u00e7on \u00e9taient moins nombreux et moins sophistiqu\u00e9s que de nos jours. La technique de base \u00e9tait la projection \u00e0 la truelle puis l&rsquo;arasement au nu des moellons<\/p>\n<p>C&rsquo;est cette m\u00e9thode de garnissage qui a \u00e9t\u00e9 appliqu\u00e9e ici, \u00e0 l&rsquo;\u00e9chelle pr\u00e8s.<\/p>\n<p>S&rsquo;ensuit un essuyage humide pour enlever les traces de joints sur les pierres. Et on termine par un essuyage \u00e0 sec.[\/vc_column_text][\/vc_column][\/vc_row][vc_row][vc_column][vc_column_text css=\u00a0\u00bb\u00a0\u00bb]\n<div id=\"kad-wp-gallery599\" class=\"kad-wp-gallery gallery kt-gallery-column-2 init-isotope-intrinsic reinit-isotope kad-light-wp-gallery clearfix rowtight\" data-fade-in=\"1\" data-iso-selector=\".g_item\" data-iso-style=\"masonry\" data-iso-filter=\"false\"><div class=\"tcol-lg-6 tcol-md-6 tcol-sm-6 tcol-xs-12 tcol-ss-12 g_item\"><div class=\"grid_item kt_item_fade_in kad_gallery_fade_in gallery_item\"><a href=\"https:\/\/architecturemedievale.fr\/wp-content\/uploads\/Chateau-de-Dol-de-Bretagne-03.webp\" data-rel=\"lightbox\" class=\"lightboxhover\"><div class=\"kt-intrinsic\" style=\"padding-bottom:56.25%;\"><div itemprop=\"image\" itemscope itemtype=\"https:\/\/schema.org\/ImageObject\"><img loading=\"lazy\" decoding=\"async\" width=\"560\" height=\"315\" src=\"https:\/\/architecturemedievale.fr\/wp-content\/uploads\/Chateau-de-Dol-de-Bretagne-03-560x315.webp\" srcset=\"https:\/\/architecturemedievale.fr\/wp-content\/uploads\/Chateau-de-Dol-de-Bretagne-03-560x315.webp 560w, https:\/\/architecturemedievale.fr\/wp-content\/uploads\/Chateau-de-Dol-de-Bretagne-03-300x169.webp 300w, https:\/\/architecturemedievale.fr\/wp-content\/uploads\/Chateau-de-Dol-de-Bretagne-03-768x432.webp 768w, https:\/\/architecturemedievale.fr\/wp-content\/uploads\/Chateau-de-Dol-de-Bretagne-03.webp 1000w\" sizes=\"auto, (max-width: 560px) 100vw, 560px\" data-caption=\"Chateau de Dol de Bretagne - 03 - Entr\u00e9e de la chapelle avec son escalier d&#039;acces et vue sur l&#039;int\u00e9rieur\" class=\"light-dropshaddow\" itemprop=\"contentUrl\" alt=\"Chateau de Dol de Bretagne - 03 - Entr\u00e9e de la chapelle apr\u00e8s jointoiement\"><meta itemprop=\"url\" content=\"https:\/\/architecturemedievale.fr\/wp-content\/uploads\/Chateau-de-Dol-de-Bretagne-03-560x315.webp\"><meta itemprop=\"width\" content=\"560px\"><meta itemprop=\"height\" content=\"315px\"><\/div><\/div><\/a><\/div><\/div><div class=\"tcol-lg-6 tcol-md-6 tcol-sm-6 tcol-xs-12 tcol-ss-12 g_item\"><div class=\"grid_item kt_item_fade_in kad_gallery_fade_in gallery_item\"><a href=\"https:\/\/architecturemedievale.fr\/wp-content\/uploads\/Chateau-de-Dol-de-Bretagne-06-Facade.webp\" data-rel=\"lightbox\" class=\"lightboxhover\"><div class=\"kt-intrinsic\" style=\"padding-bottom:56.25%;\"><div itemprop=\"image\" itemscope itemtype=\"https:\/\/schema.org\/ImageObject\"><img loading=\"lazy\" decoding=\"async\" width=\"560\" height=\"315\" src=\"https:\/\/architecturemedievale.fr\/wp-content\/uploads\/Chateau-de-Dol-de-Bretagne-06-Facade-560x315.webp\" srcset=\"https:\/\/architecturemedievale.fr\/wp-content\/uploads\/Chateau-de-Dol-de-Bretagne-06-Facade-560x315.webp 560w, https:\/\/architecturemedievale.fr\/wp-content\/uploads\/Chateau-de-Dol-de-Bretagne-06-Facade-300x169.webp 300w, https:\/\/architecturemedievale.fr\/wp-content\/uploads\/Chateau-de-Dol-de-Bretagne-06-Facade-768x432.webp 768w, https:\/\/architecturemedievale.fr\/wp-content\/uploads\/Chateau-de-Dol-de-Bretagne-06-Facade.webp 1000w\" sizes=\"auto, (max-width: 560px) 100vw, 560px\" data-caption=\"Chateau de Dol de Bretagne - 06 - Fa\u00e7ade avec le jointoiement termin\u00e9\" class=\"light-dropshaddow\" itemprop=\"contentUrl\" alt=\"Chateau de Dol de Bretagne - 06 - Fa\u00e7ade avec le jointoiement termin\u00e9\"><meta itemprop=\"url\" content=\"https:\/\/architecturemedievale.fr\/wp-content\/uploads\/Chateau-de-Dol-de-Bretagne-06-Facade-560x315.webp\"><meta itemprop=\"width\" content=\"560px\"><meta itemprop=\"height\" content=\"315px\"><\/div><\/div><\/a><\/div><\/div><div class=\"tcol-lg-6 tcol-md-6 tcol-sm-6 tcol-xs-12 tcol-ss-12 g_item\"><div class=\"grid_item kt_item_fade_in kad_gallery_fade_in gallery_item\"><a href=\"https:\/\/architecturemedievale.fr\/wp-content\/uploads\/Chateau-de-Dol-de-Bretagne-05-Facade.webp\" data-rel=\"lightbox\" class=\"lightboxhover\"><div class=\"kt-intrinsic\" style=\"padding-bottom:56.25%;\"><div itemprop=\"image\" itemscope itemtype=\"https:\/\/schema.org\/ImageObject\"><img loading=\"lazy\" decoding=\"async\" width=\"560\" height=\"315\" src=\"https:\/\/architecturemedievale.fr\/wp-content\/uploads\/Chateau-de-Dol-de-Bretagne-05-Facade-560x315.webp\" srcset=\"https:\/\/architecturemedievale.fr\/wp-content\/uploads\/Chateau-de-Dol-de-Bretagne-05-Facade-560x315.webp 560w, https:\/\/architecturemedievale.fr\/wp-content\/uploads\/Chateau-de-Dol-de-Bretagne-05-Facade-300x169.webp 300w, https:\/\/architecturemedievale.fr\/wp-content\/uploads\/Chateau-de-Dol-de-Bretagne-05-Facade-768x432.webp 768w, https:\/\/architecturemedievale.fr\/wp-content\/uploads\/Chateau-de-Dol-de-Bretagne-05-Facade.webp 1000w\" sizes=\"auto, (max-width: 560px) 100vw, 560px\" data-caption=\"Chateau de Dol de Bretagne - 05 - Fa\u00e7ade avec le jointoiement termin\u00e9, vue au travers du passage souterrain \" class=\"light-dropshaddow\" itemprop=\"contentUrl\" alt=\"Chateau de Dol de Bretagne - 05 - Fa\u00e7ade avec le jointoiement termin\u00e9\"><meta itemprop=\"url\" content=\"https:\/\/architecturemedievale.fr\/wp-content\/uploads\/Chateau-de-Dol-de-Bretagne-05-Facade-560x315.webp\"><meta itemprop=\"width\" content=\"560px\"><meta itemprop=\"height\" content=\"315px\"><\/div><\/div><\/a><\/div><\/div><div class=\"tcol-lg-6 tcol-md-6 tcol-sm-6 tcol-xs-12 tcol-ss-12 g_item\"><div class=\"grid_item kt_item_fade_in kad_gallery_fade_in gallery_item\"><a href=\"https:\/\/architecturemedievale.fr\/wp-content\/uploads\/Chateau-de-Dol-de-Bretagne-01-Facade.webp\" data-rel=\"lightbox\" class=\"lightboxhover\"><div class=\"kt-intrinsic\" style=\"padding-bottom:56.25%;\"><div itemprop=\"image\" itemscope itemtype=\"https:\/\/schema.org\/ImageObject\"><img loading=\"lazy\" decoding=\"async\" width=\"560\" height=\"315\" src=\"https:\/\/architecturemedievale.fr\/wp-content\/uploads\/Chateau-de-Dol-de-Bretagne-01-Facade-560x315.webp\" srcset=\"https:\/\/architecturemedievale.fr\/wp-content\/uploads\/Chateau-de-Dol-de-Bretagne-01-Facade-560x315.webp 560w, https:\/\/architecturemedievale.fr\/wp-content\/uploads\/Chateau-de-Dol-de-Bretagne-01-Facade-300x169.webp 300w, https:\/\/architecturemedievale.fr\/wp-content\/uploads\/Chateau-de-Dol-de-Bretagne-01-Facade-768x432.webp 768w, https:\/\/architecturemedievale.fr\/wp-content\/uploads\/Chateau-de-Dol-de-Bretagne-01-Facade.webp 1000w\" sizes=\"auto, (max-width: 560px) 100vw, 560px\" data-caption=\"Chateau de Dol de Bretagne - 01 - Fa\u00e7ade principale sur cour apr\u00e8s complet jointoiement et finition de l&#039;escalier monumental\" class=\"light-dropshaddow\" itemprop=\"contentUrl\" alt=\"Chateau de Dol de Bretagne - 01 - Facade principale apr\u00e8s complet jointoiement\"><meta itemprop=\"url\" content=\"https:\/\/architecturemedievale.fr\/wp-content\/uploads\/Chateau-de-Dol-de-Bretagne-01-Facade-560x315.webp\"><meta itemprop=\"width\" content=\"560px\"><meta itemprop=\"height\" content=\"315px\"><\/div><\/div><\/a><\/div><\/div><\/div>\n[\/vc_column_text][vc_column_text css=\u00a0\u00bb\u00a0\u00bb]\n<div id=\"kad-wp-gallery155\" class=\"kad-wp-gallery gallery kt-gallery-column-1 init-isotope-intrinsic reinit-isotope kad-light-wp-gallery clearfix rowtight\" data-fade-in=\"1\" data-iso-selector=\".g_item\" data-iso-style=\"masonry\" data-iso-filter=\"false\"><div class=\"tcol-lg-12 tcol-md-12 tcol-sm-12 tcol-xs-12 tcol-ss-12 g_item\"><div class=\"grid_item kt_item_fade_in kad_gallery_fade_in gallery_item\"><a href=\"https:\/\/architecturemedievale.fr\/wp-content\/uploads\/Chateau-de-Dol-de-Bretagne-04-Facade-sur-cour.webp\" data-rel=\"lightbox\" class=\"lightboxhover\"><div class=\"kt-intrinsic\" style=\"padding-bottom:56.25%;\"><div itemprop=\"image\" itemscope itemtype=\"https:\/\/schema.org\/ImageObject\"><img loading=\"lazy\" decoding=\"async\" width=\"560\" height=\"315\" src=\"https:\/\/architecturemedievale.fr\/wp-content\/uploads\/Chateau-de-Dol-de-Bretagne-04-Facade-sur-cour-560x315.webp\" srcset=\"https:\/\/architecturemedievale.fr\/wp-content\/uploads\/Chateau-de-Dol-de-Bretagne-04-Facade-sur-cour-560x315.webp 560w, https:\/\/architecturemedievale.fr\/wp-content\/uploads\/Chateau-de-Dol-de-Bretagne-04-Facade-sur-cour-300x169.webp 300w, https:\/\/architecturemedievale.fr\/wp-content\/uploads\/Chateau-de-Dol-de-Bretagne-04-Facade-sur-cour-768x432.webp 768w, https:\/\/architecturemedievale.fr\/wp-content\/uploads\/Chateau-de-Dol-de-Bretagne-04-Facade-sur-cour.webp 1000w\" sizes=\"auto, (max-width: 560px) 100vw, 560px\" data-caption=\"Chateau de Dol de Bretagne - 04 - Fa\u00e7ade sur cour avec les restes du donjon sur le mur de la chapelle\" class=\"light-dropshaddow\" itemprop=\"contentUrl\" alt=\"Chateau de Dol de Bretagne - 04 - Fa\u00e7ade sur cour\"><meta itemprop=\"url\" content=\"https:\/\/architecturemedievale.fr\/wp-content\/uploads\/Chateau-de-Dol-de-Bretagne-04-Facade-sur-cour-560x315.webp\"><meta itemprop=\"width\" content=\"560px\"><meta itemprop=\"height\" content=\"315px\"><\/div><\/div><\/a><\/div><\/div><\/div>\n[\/vc_column_text][vc_column_text css=\u00a0\u00bb.vc_custom_1724677903198{padding-right: 35px !important;padding-bottom: 50px !important;padding-left: 35px !important;}\u00a0\u00bb]\n<p style=\"text-align: right;\"><strong><em>Prochain rendez-vous pour la couverture.<br \/>\n<\/em><\/strong><\/p>\n[\/vc_column_text][\/vc_column][\/vc_row]\n<\/div>","protected":false},"excerpt":{"rendered":"<p>[vc_row equal_height=\u00a0\u00bbyes\u00a0\u00bb content_placement=\u00a0\u00bbmiddle\u00a0\u00bb][vc_column][vc_column_text css=\u00a0\u00bb.vc_custom_1724676759706{padding-right: 35px !important;padding-bottom: 50px !important;padding-left: 35px !important;}\u00a0\u00bb] Ce n&rsquo;est pas un mur de pierres s\u00e8ches, il nous faut des joints. Comme en cuisine, la garniture est indispensable. Alors c&rsquo;est parti ! [\/vc_column_text][\/vc_column][\/vc_row][vc_row css=\u00a0\u00bb.vc_custom_1724676792974{margin-top: -50px !important;}\u00a0\u00bb][vc_column][vc_custom_heading text=\u00a0\u00bbLa pr\u00e9paration &hellip; <a class=\"kt-excerpt-readmore\" href=\"https:\/\/architecturemedievale.fr\/index.php\/les-joints-des-pierres-des-facades-et-le-jointoiement\/\" aria-label=\"Les joints &#8230; des pierres de fa\u00e7ades\">Lire la suite<\/a><\/p>\n","protected":false},"author":3,"featured_media":10199,"comment_status":"open","ping_status":"open","sticky":false,"template":"","format":"standard","meta":{"footnotes":""},"categories":[44],"tags":[50,45,46,47],"post_folder":[38],"class_list":["post-10162","post","type-post","status-publish","format-standard","has-post-thumbnail","hentry","category-chateau-de-dol","tag-construction","tag-dol-de-bretagne","tag-maquette","tag-palais-episcopal"],"yoast_head":"<!-- This site is optimized with the Yoast SEO plugin v27.4 - https:\/\/yoast.com\/product\/yoast-seo-wordpress\/ -->\n<title>Les joints ... des pierres de fa\u00e7ades - Architecture M\u00e9di\u00e9vale<\/title>\n<meta name=\"description\" content=\"L&#039;harmonie d&#039;une fa\u00e7ade d\u00e9finit la qualit\u00e9 d&#039;un ensemble. Le jointoiement fait ressortir l&#039;assemblage de l&#039;appareillage.\" \/>\n<meta name=\"robots\" content=\"index, follow, max-snippet:-1, max-image-preview:large, max-video-preview:-1\" \/>\n<link rel=\"canonical\" href=\"https:\/\/architecturemedievale.fr\/index.php\/les-joints-des-pierres-des-facades-et-le-jointoiement\/\" \/>\n<meta property=\"og:locale\" content=\"fr_FR\" \/>\n<meta property=\"og:type\" content=\"article\" \/>\n<meta property=\"og:title\" content=\"Les joints ... des pierres de fa\u00e7ades - Architecture M\u00e9di\u00e9vale\" \/>\n<meta property=\"og:description\" content=\"L&#039;harmonie d&#039;une fa\u00e7ade d\u00e9finit la qualit\u00e9 d&#039;un ensemble. Le jointoiement fait ressortir l&#039;assemblage de l&#039;appareillage.\" \/>\n<meta property=\"og:url\" content=\"https:\/\/architecturemedievale.fr\/index.php\/les-joints-des-pierres-des-facades-et-le-jointoiement\/\" \/>\n<meta property=\"og:site_name\" content=\"Architecture M\u00e9di\u00e9vale\" \/>\n<meta property=\"article:published_time\" content=\"2024-09-08T13:04:52+00:00\" \/>\n<meta property=\"article:modified_time\" content=\"2024-09-09T08:09:14+00:00\" \/>\n<meta property=\"og:image\" content=\"https:\/\/architecturemedievale.fr\/wp-content\/uploads\/Chateau-de-Dol-de-Bretagne-02.webp\" \/>\n\t<meta property=\"og:image:width\" content=\"1000\" \/>\n\t<meta property=\"og:image:height\" content=\"563\" \/>\n\t<meta property=\"og:image:type\" content=\"image\/webp\" \/>\n<meta name=\"author\" content=\"Bernard\" \/>\n<meta name=\"twitter:card\" content=\"summary_large_image\" \/>\n<meta name=\"twitter:label1\" content=\"\u00c9crit par\" \/>\n\t<meta name=\"twitter:data1\" content=\"Bernard\" \/>\n\t<meta name=\"twitter:label2\" content=\"Dur\u00e9e de lecture estim\u00e9e\" \/>\n\t<meta name=\"twitter:data2\" content=\"3 minutes\" \/>\n<script type=\"application\/ld+json\" class=\"yoast-schema-graph\">{\"@context\":\"https:\\\/\\\/schema.org\",\"@graph\":[{\"@type\":\"Article\",\"@id\":\"https:\\\/\\\/architecturemedievale.fr\\\/index.php\\\/les-joints-des-pierres-des-facades-et-le-jointoiement\\\/#article\",\"isPartOf\":{\"@id\":\"https:\\\/\\\/architecturemedievale.fr\\\/index.php\\\/les-joints-des-pierres-des-facades-et-le-jointoiement\\\/\"},\"author\":{\"name\":\"Bernard\",\"@id\":\"https:\\\/\\\/architecturemedievale.fr\\\/#\\\/schema\\\/person\\\/47e42f0b48633fa2d1e8de72cd69b5b3\"},\"headline\":\"Les joints &#8230; des pierres de fa\u00e7ades\",\"datePublished\":\"2024-09-08T13:04:52+00:00\",\"dateModified\":\"2024-09-09T08:09:14+00:00\",\"mainEntityOfPage\":{\"@id\":\"https:\\\/\\\/architecturemedievale.fr\\\/index.php\\\/les-joints-des-pierres-des-facades-et-le-jointoiement\\\/\"},\"wordCount\":576,\"commentCount\":0,\"publisher\":{\"@id\":\"https:\\\/\\\/architecturemedievale.fr\\\/#organization\"},\"image\":{\"@id\":\"https:\\\/\\\/architecturemedievale.fr\\\/index.php\\\/les-joints-des-pierres-des-facades-et-le-jointoiement\\\/#primaryimage\"},\"thumbnailUrl\":\"https:\\\/\\\/architecturemedievale.fr\\\/wp-content\\\/uploads\\\/Chateau-de-Dol-de-Bretagne-02.webp\",\"keywords\":[\"construction\",\"Dol de Bretagne\",\"Maquette\",\"Palais episcopal\"],\"articleSection\":[\"Chateau de Dol\"],\"inLanguage\":\"fr-FR\",\"potentialAction\":[{\"@type\":\"CommentAction\",\"name\":\"Comment\",\"target\":[\"https:\\\/\\\/architecturemedievale.fr\\\/index.php\\\/les-joints-des-pierres-des-facades-et-le-jointoiement\\\/#respond\"]}]},{\"@type\":\"WebPage\",\"@id\":\"https:\\\/\\\/architecturemedievale.fr\\\/index.php\\\/les-joints-des-pierres-des-facades-et-le-jointoiement\\\/\",\"url\":\"https:\\\/\\\/architecturemedievale.fr\\\/index.php\\\/les-joints-des-pierres-des-facades-et-le-jointoiement\\\/\",\"name\":\"Les joints ... des pierres de fa\u00e7ades - Architecture M\u00e9di\u00e9vale\",\"isPartOf\":{\"@id\":\"https:\\\/\\\/architecturemedievale.fr\\\/#website\"},\"primaryImageOfPage\":{\"@id\":\"https:\\\/\\\/architecturemedievale.fr\\\/index.php\\\/les-joints-des-pierres-des-facades-et-le-jointoiement\\\/#primaryimage\"},\"image\":{\"@id\":\"https:\\\/\\\/architecturemedievale.fr\\\/index.php\\\/les-joints-des-pierres-des-facades-et-le-jointoiement\\\/#primaryimage\"},\"thumbnailUrl\":\"https:\\\/\\\/architecturemedievale.fr\\\/wp-content\\\/uploads\\\/Chateau-de-Dol-de-Bretagne-02.webp\",\"datePublished\":\"2024-09-08T13:04:52+00:00\",\"dateModified\":\"2024-09-09T08:09:14+00:00\",\"description\":\"L'harmonie d'une fa\u00e7ade d\u00e9finit la qualit\u00e9 d'un ensemble. Le jointoiement fait ressortir l'assemblage de l'appareillage.\",\"breadcrumb\":{\"@id\":\"https:\\\/\\\/architecturemedievale.fr\\\/index.php\\\/les-joints-des-pierres-des-facades-et-le-jointoiement\\\/#breadcrumb\"},\"inLanguage\":\"fr-FR\",\"potentialAction\":[{\"@type\":\"ReadAction\",\"target\":[\"https:\\\/\\\/architecturemedievale.fr\\\/index.php\\\/les-joints-des-pierres-des-facades-et-le-jointoiement\\\/\"]}]},{\"@type\":\"ImageObject\",\"inLanguage\":\"fr-FR\",\"@id\":\"https:\\\/\\\/architecturemedievale.fr\\\/index.php\\\/les-joints-des-pierres-des-facades-et-le-jointoiement\\\/#primaryimage\",\"url\":\"https:\\\/\\\/architecturemedievale.fr\\\/wp-content\\\/uploads\\\/Chateau-de-Dol-de-Bretagne-02.webp\",\"contentUrl\":\"https:\\\/\\\/architecturemedievale.fr\\\/wp-content\\\/uploads\\\/Chateau-de-Dol-de-Bretagne-02.webp\",\"width\":1000,\"height\":563,\"caption\":\"Chateau de Dol de Bretagne - 02 - Fa\u00e7ade sur cour apr\u00e8s complet jointoiement et finition de l'escalier monumental\"},{\"@type\":\"BreadcrumbList\",\"@id\":\"https:\\\/\\\/architecturemedievale.fr\\\/index.php\\\/les-joints-des-pierres-des-facades-et-le-jointoiement\\\/#breadcrumb\",\"itemListElement\":[{\"@type\":\"ListItem\",\"position\":1,\"name\":\"Accueil\",\"item\":\"https:\\\/\\\/architecturemedievale.fr\\\/\"},{\"@type\":\"ListItem\",\"position\":2,\"name\":\"Les joints &#8230; des pierres de fa\u00e7ades\"}]},{\"@type\":\"WebSite\",\"@id\":\"https:\\\/\\\/architecturemedievale.fr\\\/#website\",\"url\":\"https:\\\/\\\/architecturemedievale.fr\\\/\",\"name\":\"Architecture M\u00e9di\u00e9vale\",\"description\":\"Redigere as memoriam\",\"publisher\":{\"@id\":\"https:\\\/\\\/architecturemedievale.fr\\\/#organization\"},\"potentialAction\":[{\"@type\":\"SearchAction\",\"target\":{\"@type\":\"EntryPoint\",\"urlTemplate\":\"https:\\\/\\\/architecturemedievale.fr\\\/?s={search_term_string}\"},\"query-input\":{\"@type\":\"PropertyValueSpecification\",\"valueRequired\":true,\"valueName\":\"search_term_string\"}}],\"inLanguage\":\"fr-FR\"},{\"@type\":\"Organization\",\"@id\":\"https:\\\/\\\/architecturemedievale.fr\\\/#organization\",\"name\":\"Architecture M\u00e9di\u00e9vale\",\"url\":\"https:\\\/\\\/architecturemedievale.fr\\\/\",\"logo\":{\"@type\":\"ImageObject\",\"inLanguage\":\"fr-FR\",\"@id\":\"https:\\\/\\\/architecturemedievale.fr\\\/#\\\/schema\\\/logo\\\/image\\\/\",\"url\":\"https:\\\/\\\/architecturemedievale.fr\\\/wp-content\\\/uploads\\\/2024\\\/01\\\/Logo-JYN_320x404.jpg\",\"contentUrl\":\"https:\\\/\\\/architecturemedievale.fr\\\/wp-content\\\/uploads\\\/2024\\\/01\\\/Logo-JYN_320x404.jpg\",\"width\":320,\"height\":404,\"caption\":\"Architecture M\u00e9di\u00e9vale\"},\"image\":{\"@id\":\"https:\\\/\\\/architecturemedievale.fr\\\/#\\\/schema\\\/logo\\\/image\\\/\"}},{\"@type\":\"Person\",\"@id\":\"https:\\\/\\\/architecturemedievale.fr\\\/#\\\/schema\\\/person\\\/47e42f0b48633fa2d1e8de72cd69b5b3\",\"name\":\"Bernard\",\"image\":{\"@type\":\"ImageObject\",\"inLanguage\":\"fr-FR\",\"@id\":\"https:\\\/\\\/secure.gravatar.com\\\/avatar\\\/315257ee1da813225f1e173ba902ad04db73e6d043789d5480eb56ffa33d8509?s=96&d=mm&r=g\",\"url\":\"https:\\\/\\\/secure.gravatar.com\\\/avatar\\\/315257ee1da813225f1e173ba902ad04db73e6d043789d5480eb56ffa33d8509?s=96&d=mm&r=g\",\"contentUrl\":\"https:\\\/\\\/secure.gravatar.com\\\/avatar\\\/315257ee1da813225f1e173ba902ad04db73e6d043789d5480eb56ffa33d8509?s=96&d=mm&r=g\",\"caption\":\"Bernard\"},\"sameAs\":[\"https:\\\/\\\/architecturemedievale.fr\"],\"url\":\"https:\\\/\\\/architecturemedievale.fr\\\/index.php\\\/author\\\/admin-bda-secondaire\\\/\"}]}<\/script>\n<!-- \/ Yoast SEO plugin. -->","yoast_head_json":{"title":"Les joints ... des pierres de fa\u00e7ades - Architecture M\u00e9di\u00e9vale","description":"L'harmonie d'une fa\u00e7ade d\u00e9finit la qualit\u00e9 d'un ensemble. Le jointoiement fait ressortir l'assemblage de l'appareillage.","robots":{"index":"index","follow":"follow","max-snippet":"max-snippet:-1","max-image-preview":"max-image-preview:large","max-video-preview":"max-video-preview:-1"},"canonical":"https:\/\/architecturemedievale.fr\/index.php\/les-joints-des-pierres-des-facades-et-le-jointoiement\/","og_locale":"fr_FR","og_type":"article","og_title":"Les joints ... des pierres de fa\u00e7ades - Architecture M\u00e9di\u00e9vale","og_description":"L'harmonie d'une fa\u00e7ade d\u00e9finit la qualit\u00e9 d'un ensemble. Le jointoiement fait ressortir l'assemblage de l'appareillage.","og_url":"https:\/\/architecturemedievale.fr\/index.php\/les-joints-des-pierres-des-facades-et-le-jointoiement\/","og_site_name":"Architecture M\u00e9di\u00e9vale","article_published_time":"2024-09-08T13:04:52+00:00","article_modified_time":"2024-09-09T08:09:14+00:00","og_image":[{"width":1000,"height":563,"url":"https:\/\/architecturemedievale.fr\/wp-content\/uploads\/Chateau-de-Dol-de-Bretagne-02.webp","type":"image\/webp"}],"author":"Bernard","twitter_card":"summary_large_image","twitter_misc":{"\u00c9crit par":"Bernard","Dur\u00e9e de lecture estim\u00e9e":"3 minutes"},"schema":{"@context":"https:\/\/schema.org","@graph":[{"@type":"Article","@id":"https:\/\/architecturemedievale.fr\/index.php\/les-joints-des-pierres-des-facades-et-le-jointoiement\/#article","isPartOf":{"@id":"https:\/\/architecturemedievale.fr\/index.php\/les-joints-des-pierres-des-facades-et-le-jointoiement\/"},"author":{"name":"Bernard","@id":"https:\/\/architecturemedievale.fr\/#\/schema\/person\/47e42f0b48633fa2d1e8de72cd69b5b3"},"headline":"Les joints &#8230; des pierres de fa\u00e7ades","datePublished":"2024-09-08T13:04:52+00:00","dateModified":"2024-09-09T08:09:14+00:00","mainEntityOfPage":{"@id":"https:\/\/architecturemedievale.fr\/index.php\/les-joints-des-pierres-des-facades-et-le-jointoiement\/"},"wordCount":576,"commentCount":0,"publisher":{"@id":"https:\/\/architecturemedievale.fr\/#organization"},"image":{"@id":"https:\/\/architecturemedievale.fr\/index.php\/les-joints-des-pierres-des-facades-et-le-jointoiement\/#primaryimage"},"thumbnailUrl":"https:\/\/architecturemedievale.fr\/wp-content\/uploads\/Chateau-de-Dol-de-Bretagne-02.webp","keywords":["construction","Dol de Bretagne","Maquette","Palais episcopal"],"articleSection":["Chateau de Dol"],"inLanguage":"fr-FR","potentialAction":[{"@type":"CommentAction","name":"Comment","target":["https:\/\/architecturemedievale.fr\/index.php\/les-joints-des-pierres-des-facades-et-le-jointoiement\/#respond"]}]},{"@type":"WebPage","@id":"https:\/\/architecturemedievale.fr\/index.php\/les-joints-des-pierres-des-facades-et-le-jointoiement\/","url":"https:\/\/architecturemedievale.fr\/index.php\/les-joints-des-pierres-des-facades-et-le-jointoiement\/","name":"Les joints ... des pierres de fa\u00e7ades - Architecture M\u00e9di\u00e9vale","isPartOf":{"@id":"https:\/\/architecturemedievale.fr\/#website"},"primaryImageOfPage":{"@id":"https:\/\/architecturemedievale.fr\/index.php\/les-joints-des-pierres-des-facades-et-le-jointoiement\/#primaryimage"},"image":{"@id":"https:\/\/architecturemedievale.fr\/index.php\/les-joints-des-pierres-des-facades-et-le-jointoiement\/#primaryimage"},"thumbnailUrl":"https:\/\/architecturemedievale.fr\/wp-content\/uploads\/Chateau-de-Dol-de-Bretagne-02.webp","datePublished":"2024-09-08T13:04:52+00:00","dateModified":"2024-09-09T08:09:14+00:00","description":"L'harmonie d'une fa\u00e7ade d\u00e9finit la qualit\u00e9 d'un ensemble. Le jointoiement fait ressortir l'assemblage de l'appareillage.","breadcrumb":{"@id":"https:\/\/architecturemedievale.fr\/index.php\/les-joints-des-pierres-des-facades-et-le-jointoiement\/#breadcrumb"},"inLanguage":"fr-FR","potentialAction":[{"@type":"ReadAction","target":["https:\/\/architecturemedievale.fr\/index.php\/les-joints-des-pierres-des-facades-et-le-jointoiement\/"]}]},{"@type":"ImageObject","inLanguage":"fr-FR","@id":"https:\/\/architecturemedievale.fr\/index.php\/les-joints-des-pierres-des-facades-et-le-jointoiement\/#primaryimage","url":"https:\/\/architecturemedievale.fr\/wp-content\/uploads\/Chateau-de-Dol-de-Bretagne-02.webp","contentUrl":"https:\/\/architecturemedievale.fr\/wp-content\/uploads\/Chateau-de-Dol-de-Bretagne-02.webp","width":1000,"height":563,"caption":"Chateau de Dol de Bretagne - 02 - Fa\u00e7ade sur cour apr\u00e8s complet jointoiement et finition de l'escalier monumental"},{"@type":"BreadcrumbList","@id":"https:\/\/architecturemedievale.fr\/index.php\/les-joints-des-pierres-des-facades-et-le-jointoiement\/#breadcrumb","itemListElement":[{"@type":"ListItem","position":1,"name":"Accueil","item":"https:\/\/architecturemedievale.fr\/"},{"@type":"ListItem","position":2,"name":"Les joints &#8230; des pierres de fa\u00e7ades"}]},{"@type":"WebSite","@id":"https:\/\/architecturemedievale.fr\/#website","url":"https:\/\/architecturemedievale.fr\/","name":"Architecture M\u00e9di\u00e9vale","description":"Redigere as memoriam","publisher":{"@id":"https:\/\/architecturemedievale.fr\/#organization"},"potentialAction":[{"@type":"SearchAction","target":{"@type":"EntryPoint","urlTemplate":"https:\/\/architecturemedievale.fr\/?s={search_term_string}"},"query-input":{"@type":"PropertyValueSpecification","valueRequired":true,"valueName":"search_term_string"}}],"inLanguage":"fr-FR"},{"@type":"Organization","@id":"https:\/\/architecturemedievale.fr\/#organization","name":"Architecture M\u00e9di\u00e9vale","url":"https:\/\/architecturemedievale.fr\/","logo":{"@type":"ImageObject","inLanguage":"fr-FR","@id":"https:\/\/architecturemedievale.fr\/#\/schema\/logo\/image\/","url":"https:\/\/architecturemedievale.fr\/wp-content\/uploads\/2024\/01\/Logo-JYN_320x404.jpg","contentUrl":"https:\/\/architecturemedievale.fr\/wp-content\/uploads\/2024\/01\/Logo-JYN_320x404.jpg","width":320,"height":404,"caption":"Architecture M\u00e9di\u00e9vale"},"image":{"@id":"https:\/\/architecturemedievale.fr\/#\/schema\/logo\/image\/"}},{"@type":"Person","@id":"https:\/\/architecturemedievale.fr\/#\/schema\/person\/47e42f0b48633fa2d1e8de72cd69b5b3","name":"Bernard","image":{"@type":"ImageObject","inLanguage":"fr-FR","@id":"https:\/\/secure.gravatar.com\/avatar\/315257ee1da813225f1e173ba902ad04db73e6d043789d5480eb56ffa33d8509?s=96&d=mm&r=g","url":"https:\/\/secure.gravatar.com\/avatar\/315257ee1da813225f1e173ba902ad04db73e6d043789d5480eb56ffa33d8509?s=96&d=mm&r=g","contentUrl":"https:\/\/secure.gravatar.com\/avatar\/315257ee1da813225f1e173ba902ad04db73e6d043789d5480eb56ffa33d8509?s=96&d=mm&r=g","caption":"Bernard"},"sameAs":["https:\/\/architecturemedievale.fr"],"url":"https:\/\/architecturemedievale.fr\/index.php\/author\/admin-bda-secondaire\/"}]}},"_links":{"self":[{"href":"https:\/\/architecturemedievale.fr\/index.php\/wp-json\/wp\/v2\/posts\/10162","targetHints":{"allow":["GET"]}}],"collection":[{"href":"https:\/\/architecturemedievale.fr\/index.php\/wp-json\/wp\/v2\/posts"}],"about":[{"href":"https:\/\/architecturemedievale.fr\/index.php\/wp-json\/wp\/v2\/types\/post"}],"author":[{"embeddable":true,"href":"https:\/\/architecturemedievale.fr\/index.php\/wp-json\/wp\/v2\/users\/3"}],"replies":[{"embeddable":true,"href":"https:\/\/architecturemedievale.fr\/index.php\/wp-json\/wp\/v2\/comments?post=10162"}],"version-history":[{"count":21,"href":"https:\/\/architecturemedievale.fr\/index.php\/wp-json\/wp\/v2\/posts\/10162\/revisions"}],"predecessor-version":[{"id":10217,"href":"https:\/\/architecturemedievale.fr\/index.php\/wp-json\/wp\/v2\/posts\/10162\/revisions\/10217"}],"wp:featuredmedia":[{"embeddable":true,"href":"https:\/\/architecturemedievale.fr\/index.php\/wp-json\/wp\/v2\/media\/10199"}],"wp:attachment":[{"href":"https:\/\/architecturemedievale.fr\/index.php\/wp-json\/wp\/v2\/media?parent=10162"}],"wp:term":[{"taxonomy":"category","embeddable":true,"href":"https:\/\/architecturemedievale.fr\/index.php\/wp-json\/wp\/v2\/categories?post=10162"},{"taxonomy":"post_tag","embeddable":true,"href":"https:\/\/architecturemedievale.fr\/index.php\/wp-json\/wp\/v2\/tags?post=10162"},{"taxonomy":"post_folder","embeddable":true,"href":"https:\/\/architecturemedievale.fr\/index.php\/wp-json\/wp\/v2\/post_folder?post=10162"}],"curies":[{"name":"wp","href":"https:\/\/api.w.org\/{rel}","templated":true}]}}